{"id":47901,"date":"2015-09-11T14:11:35","date_gmt":"2015-09-11T12:11:35","guid":{"rendered":"https:\/\/www.sapiselco.com\/2015\/09\/biennale-arte-2015\/"},"modified":"2022-06-22T09:53:04","modified_gmt":"2022-06-22T07:53:04","slug":"56-internationale-kunstausstellung","status":"publish","type":"post","link":"https:\/\/www.sapiselco.com\/de\/2015\/09\/56-internationale-kunstausstellung\/","title":{"rendered":"56. Internationale Kunstausstellung"},"content":{"rendered":"<div class=\"wpb-content-wrapper\"><p>[vc_row][vc_column][vc_column_text]<strong>ArtisTie<\/strong>, das ehrgeizige SapiSelco Projekt zur F\u00f6rderung der Kunstszene durch die Fusion von Technik und Kreativit\u00e4t f\u00fcr die Realisierung einzigartiger und origineller Werke, nimmt dank der Installationen von <strong>Tsibi Geva<\/strong> auf der <strong>56. Kunstbiennale von Venedig Gestalt <\/strong>an<strong>.<\/strong><\/p>\n<p>Anl\u00e4sslich der Pr\u00e4sentation des israelischen Pavillons \u201c<strong>Arch\u00e4ologie der Gegenwart<\/strong>\u201d hat der K\u00fcnstler in seiner Eigenschaft als offizieller Vertreter den SapiSelco Vorsitzenden, Ing. Stefano Griggio, empfangen und ihm bei der Begr\u00fc\u00dfung seinen Dank f\u00fcr das tatkr\u00e4ftige Engagement des Unternehmens zugunsten der Sensibilisierung des k\u00fcnstlerischen Panoramas ausgesprochen.[\/vc_column_text][vc_media_grid element_width=&#8220;3&#8243; grid_id=&#8220;vc_gid:1655884373709-59d9b1dd-6c4a-1&#8243; include=&#8220;47895,47885,47880,47875&#8243;][\/vc_column][\/vc_row]<\/p>\n<\/div>","protected":false},"excerpt":{"rendered":"[vc_row][vc_column][vc_column_text]ArtisTie, das ehrgeizige SapiSelco Projekt zur F\u00f6rderung der Kunstszene durch die Fusion von Technik und Kreativit\u00e4t f\u00fcr die Realisierung einzigartiger und origineller Werke, nimmt dank der Installationen von Tsibi Geva auf der 56. Kunstbiennale von Venedig Gestalt an. Anl\u00e4sslich der Pr\u00e4sentation des israelischen Pavillons \u201cArch\u00e4ologie der Gegenwart\u201d hat der K\u00fcnstler in seiner Eigenschaft als offizieller <a href=\"https:\/\/www.sapiselco.com\/de\/2015\/09\/56-internationale-kunstausstellung\/\" class=\"more-link\">&#8230;<\/a>","protected":false},"author":1,"featured_media":48183,"comment_status":"closed","ping_status":"closed","sticky":false,"template":"","format":"gallery","meta":{"_acf_changed":false,"footnotes":""},"categories":[279,287],"tags":[382,383],"class_list":["post-47901","post","type-post","status-publish","format-gallery","has-post-thumbnail","hentry","category-artistie-de","category-veranstaltungen","tag-biennale-de-2","tag-venezia-de-2","post_format-post-format-gallery"],"acf":[],"_links":{"self":[{"href":"https:\/\/www.sapiselco.com\/de\/wp-json\/wp\/v2\/posts\/47901","targetHints":{"allow":["GET"]}}],"collection":[{"href":"https:\/\/www.sapiselco.com\/de\/wp-json\/wp\/v2\/posts"}],"about":[{"href":"https:\/\/www.sapiselco.com\/de\/wp-json\/wp\/v2\/types\/post"}],"author":[{"embeddable":true,"href":"https:\/\/www.sapiselco.com\/de\/wp-json\/wp\/v2\/users\/1"}],"replies":[{"embeddable":true,"href":"https:\/\/www.sapiselco.com\/de\/wp-json\/wp\/v2\/comments?post=47901"}],"version-history":[{"count":5,"href":"https:\/\/www.sapiselco.com\/de\/wp-json\/wp\/v2\/posts\/47901\/revisions"}],"predecessor-version":[{"id":48343,"href":"https:\/\/www.sapiselco.com\/de\/wp-json\/wp\/v2\/posts\/47901\/revisions\/48343"}],"wp:featuredmedia":[{"embeddable":true,"href":"https:\/\/www.sapiselco.com\/de\/wp-json\/wp\/v2\/media\/48183"}],"wp:attachment":[{"href":"https:\/\/www.sapiselco.com\/de\/wp-json\/wp\/v2\/media?parent=47901"}],"wp:term":[{"taxonomy":"category","embeddable":true,"href":"https:\/\/www.sapiselco.com\/de\/wp-json\/wp\/v2\/categories?post=47901"},{"taxonomy":"post_tag","embeddable":true,"href":"https:\/\/www.sapiselco.com\/de\/wp-json\/wp\/v2\/tags?post=47901"}],"curies":[{"name":"wp","href":"https:\/\/api.w.org\/{rel}","templated":true}]}}