{"id":47766,"date":"2016-10-19T14:58:08","date_gmt":"2016-10-19T12:58:08","guid":{"rendered":"https:\/\/www.sapiselco.com\/2016\/10\/sapiselco-sponsor-design-city-padova\/"},"modified":"2022-11-23T11:05:46","modified_gmt":"2022-11-23T10:05:46","slug":"en-padua-el-primer-design-talent-show","status":"publish","type":"post","link":"https:\/\/www.sapiselco.com\/es\/2016\/10\/en-padua-el-primer-design-talent-show\/","title":{"rendered":"En Padua el primer Design Talent Show"},"content":{"rendered":"<div class=\"wpb-content-wrapper\"><p>[vc_row][vc_column][vc_column_text]<\/p>\n<p>Ha empezado el 14 de octubre el casting para participar en el primer <strong>Talent Show de Dise\u00f1o<\/strong> <strong>en Padua<\/strong>. Un evento \u00fanico en el cual los j\u00f3venes talentos tienen la posibilidad de ser evaluados y de entrar en contacto con importantes empresas del sector como <strong>LAGO y SID<\/strong>.<\/p>\n<p>El evento es <strong>organizado por Design City Padova<\/strong>, una iniciativa promovida por la Fundaci\u00f3n Comunica con Confindustria Padova, UPA, CNA, parque cient\u00edfico y tecnol\u00f3gico GALILEO y SID.<\/p>\n<p>El fase final del talent se llevar\u00e1 a cabo durante el <strong>DIGITALmeet<\/strong>, el m\u00e1s grande evento en Italia dedicado a la alfabetizaci\u00f3n digital de la poblaci\u00f3n y empresas. El <strong>tema<\/strong> escogido para esta edici\u00f3n es <strong>\u201cDesign&amp;Technology\u201d.<\/strong><\/p>\n<p>El viernes 21\/10 un jurado de expertos evaluar\u00e1 las ideas y los proyectos propuestos por los j\u00f3venes dise\u00f1adores y los tres finalistas ser\u00e1n entrevistados el 22\/10 en la Sala Blanca del<em> Caff\u00e8 Pedrocchi<\/em>.<\/p>\n<p><strong>El Talent Show del Dise\u00f1o es la primera aut\u00e9ntica oportunidad italiana dedicada a todos los dise\u00f1adores<\/strong>, realizado con un formato nuevo que puede crear una aut\u00e9ntica conexi\u00f3n entre el mundo de las empresas y los j\u00f3venes talentos.<\/p>\n<p>Anche <strong>SapiSelco<\/strong> partecipa attivamente all\u2019iniziativa. Con oltre 60 anni di attivit\u00e0, l\u2019azienda \u00e8 oggi <strong>leader nella produzione di fascette di cablaggio<\/strong>, e ha dato vita negli ultimi anni ad un progetto innovativo dedicato alla <strong>Cable Tie Art: ArtisTie.<\/strong><\/p>\n<p>Tambi\u00e9n <strong>SapiSelco<\/strong> participa activamente en este evento. Con m\u00e1s de 60 a\u00f1os de actividad, la empresa, <strong>l\u00edder en la producci\u00f3n de bridas para cables<\/strong>, ha creado en los \u00faltimos a\u00f1os un proyecto innovador dedicado al Cable Tie Art<strong>:<\/strong> <strong>ArtisTie<\/strong>.<\/p>\n<p>ArtisTie es <strong>un espacio destinado a los artistas italianos e internacionales<\/strong> <strong>que dialogan sobre el arte realizado utilizando las bridas para cables<\/strong>, a las que dan vida fuera del contexto t\u00e9cnico. No s\u00f3lo esto: ArtisTie tambi\u00e9n promueve el Cable Tie Art valorando a los j\u00f3venes talentos con su secci\u00f3n dedicada\u00a0 \u201c<strong>Diventa ArtisTie<\/strong>\u201d.<\/p>\n<p>Durante el Talent Show el espacio creativo disponible ser\u00e1 el SpazioNodo, formado por un equipo de profesionales en el campo del dise\u00f1o y de la arquitectura; en tal ocasi\u00f3n, tambi\u00e9n participar\u00e1 el <strong>Visual Artist Emmanuele Panzarini, con su nueva instalaci\u00f3n \u201cWhite Cloud\u201d, realizada por entero con bridas para cable de SapiSelco.<\/strong><\/p>\n<p>Para m\u00e1s informaci\u00f3n es posible consultar las p\u00e1ginas <a href=\"http:\/\/www.designcitypadova.it\" target=\"_blank\" rel=\"noopener\">www.designcitypadova.it<\/a> para el evento y para las bases de participaci\u00f3n y <a href=\"http:\/\/www.artistie.com\" target=\"_blank\" rel=\"noopener\">www.artistie.com<\/a> para m\u00e1s informaci\u00f3n sobre la iniciativa <em>made in SapiSelco<\/em>.[\/vc_column_text][\/vc_column][\/vc_row]<\/p>\n<\/div>","protected":false},"excerpt":{"rendered":"[vc_row][vc_column][vc_column_text] Ha empezado el 14 de octubre el casting para participar en el primer Talent Show de Dise\u00f1o en Padua. Un evento \u00fanico en el cual los j\u00f3venes talentos tienen la posibilidad de ser evaluados y de entrar en contacto con importantes empresas del sector como LAGO y SID. El evento es organizado por Design <a href=\"https:\/\/www.sapiselco.com\/es\/2016\/10\/en-padua-el-primer-design-talent-show\/\" class=\"more-link\">&#8230;<\/a>","protected":false},"author":1,"featured_media":48189,"comment_status":"closed","ping_status":"closed","sticky":false,"template":"","format":"standard","meta":{"_acf_changed":false,"footnotes":""},"categories":[280,286],"tags":[361,362,363,364,365],"class_list":["post-47766","post","type-post","status-publish","format-standard","has-post-thumbnail","hentry","category-artistie-es","category-eventos","tag-artistie-es-2","tag-cable-tie-art-es-2","tag-contest-artisti-es-2","tag-design-city-padova-es-2","tag-sapiselco-sponsor-es-2"],"acf":[],"_links":{"self":[{"href":"https:\/\/www.sapiselco.com\/es\/wp-json\/wp\/v2\/posts\/47766","targetHints":{"allow":["GET"]}}],"collection":[{"href":"https:\/\/www.sapiselco.com\/es\/wp-json\/wp\/v2\/posts"}],"about":[{"href":"https:\/\/www.sapiselco.com\/es\/wp-json\/wp\/v2\/types\/post"}],"author":[{"embeddable":true,"href":"https:\/\/www.sapiselco.com\/es\/wp-json\/wp\/v2\/users\/1"}],"replies":[{"embeddable":true,"href":"https:\/\/www.sapiselco.com\/es\/wp-json\/wp\/v2\/comments?post=47766"}],"version-history":[{"count":4,"href":"https:\/\/www.sapiselco.com\/es\/wp-json\/wp\/v2\/posts\/47766\/revisions"}],"predecessor-version":[{"id":58539,"href":"https:\/\/www.sapiselco.com\/es\/wp-json\/wp\/v2\/posts\/47766\/revisions\/58539"}],"wp:featuredmedia":[{"embeddable":true,"href":"https:\/\/www.sapiselco.com\/es\/wp-json\/wp\/v2\/media\/48189"}],"wp:attachment":[{"href":"https:\/\/www.sapiselco.com\/es\/wp-json\/wp\/v2\/media?parent=47766"}],"wp:term":[{"taxonomy":"category","embeddable":true,"href":"https:\/\/www.sapiselco.com\/es\/wp-json\/wp\/v2\/categories?post=47766"},{"taxonomy":"post_tag","embeddable":true,"href":"https:\/\/www.sapiselco.com\/es\/wp-json\/wp\/v2\/tags?post=47766"}],"curies":[{"name":"wp","href":"https:\/\/api.w.org\/{rel}","templated":true}]}}