{"id":47900,"date":"2015-09-11T14:11:35","date_gmt":"2015-09-11T12:11:35","guid":{"rendered":"https:\/\/www.sapiselco.com\/2015\/09\/biennale-arte-2015\/"},"modified":"2022-06-22T09:53:30","modified_gmt":"2022-06-22T07:53:30","slug":"56e-exposition-internationale-dart","status":"publish","type":"post","link":"https:\/\/www.sapiselco.com\/fr\/2015\/09\/56e-exposition-internationale-dart\/","title":{"rendered":"56e exposition internationale d\u2019art"},"content":{"rendered":"<div class=\"wpb-content-wrapper\"><p>[vc_row][vc_column][vc_column_text]<strong>ArtisTie<\/strong>, l\u2019ambitieux projet de <strong>SapiSelco<\/strong> pour la promotion du monde artistique, \u00e0 travers l\u2019alliance de la technique et de la cr\u00e9ativit\u00e9 pour la r\u00e9alisation d\u2019\u0153uvres uniques et originales, prend forme \u00e0 l\u2019occasion de la<strong> 56e \u00e9dition de la Biennale de Venise<\/strong> gr\u00e2ce aux installations de <strong>Tsibi Geva<\/strong>.<\/p>\n<p>Lors de la pr\u00e9sentation du pavillon isra\u00e9lien \u201c<strong>L\u2019arch\u00e9ologie du pr\u00e9sent<\/strong>\u201c, l\u2019artiste, en qualit\u00e9 de repr\u00e9sentant officiel, a accueilli le pr\u00e9sident de SapiSelco, M. Stefano Griggio, afin de le remercier pour les efforts prodigu\u00e9s par l\u2019entreprise en faveur de la sensibilisation \u00e0 l\u2019\u00e9gard du monde de l\u2019art.[\/vc_column_text][vc_media_grid element_width=\u00a0\u00bb3&Prime; grid_id=\u00a0\u00bbvc_gid:1655884400841-a3c92a31-3f69-4&Prime; include=\u00a0\u00bb47894,47884,47879,47874&Prime;][\/vc_column][\/vc_row]<\/p>\n<\/div>","protected":false},"excerpt":{"rendered":"[vc_row][vc_column][vc_column_text]ArtisTie, l\u2019ambitieux projet de SapiSelco pour la promotion du monde artistique, \u00e0 travers l\u2019alliance de la technique et de la cr\u00e9ativit\u00e9 pour la r\u00e9alisation d\u2019\u0153uvres uniques et originales, prend forme \u00e0 l\u2019occasion de la 56e \u00e9dition de la Biennale de Venise gr\u00e2ce aux installations de Tsibi Geva. Lors de la pr\u00e9sentation du pavillon isra\u00e9lien \u201cL\u2019arch\u00e9ologie <a href=\"https:\/\/www.sapiselco.com\/fr\/2015\/09\/56e-exposition-internationale-dart\/\" class=\"more-link\">&#8230;<\/a>","protected":false},"author":1,"featured_media":48182,"comment_status":"closed","ping_status":"closed","sticky":false,"template":"","format":"gallery","meta":{"_acf_changed":false,"footnotes":""},"categories":[278,288],"tags":[380,381],"class_list":["post-47900","post","type-post","status-publish","format-gallery","has-post-thumbnail","hentry","category-artistie-fr","category-evenements","tag-biennale-fr-2","tag-venezia-fr-2","post_format-post-format-gallery"],"acf":[],"_links":{"self":[{"href":"https:\/\/www.sapiselco.com\/fr\/wp-json\/wp\/v2\/posts\/47900","targetHints":{"allow":["GET"]}}],"collection":[{"href":"https:\/\/www.sapiselco.com\/fr\/wp-json\/wp\/v2\/posts"}],"about":[{"href":"https:\/\/www.sapiselco.com\/fr\/wp-json\/wp\/v2\/types\/post"}],"author":[{"embeddable":true,"href":"https:\/\/www.sapiselco.com\/fr\/wp-json\/wp\/v2\/users\/1"}],"replies":[{"embeddable":true,"href":"https:\/\/www.sapiselco.com\/fr\/wp-json\/wp\/v2\/comments?post=47900"}],"version-history":[{"count":5,"href":"https:\/\/www.sapiselco.com\/fr\/wp-json\/wp\/v2\/posts\/47900\/revisions"}],"predecessor-version":[{"id":48345,"href":"https:\/\/www.sapiselco.com\/fr\/wp-json\/wp\/v2\/posts\/47900\/revisions\/48345"}],"wp:featuredmedia":[{"embeddable":true,"href":"https:\/\/www.sapiselco.com\/fr\/wp-json\/wp\/v2\/media\/48182"}],"wp:attachment":[{"href":"https:\/\/www.sapiselco.com\/fr\/wp-json\/wp\/v2\/media?parent=47900"}],"wp:term":[{"taxonomy":"category","embeddable":true,"href":"https:\/\/www.sapiselco.com\/fr\/wp-json\/wp\/v2\/categories?post=47900"},{"taxonomy":"post_tag","embeddable":true,"href":"https:\/\/www.sapiselco.com\/fr\/wp-json\/wp\/v2\/tags?post=47900"}],"curies":[{"name":"wp","href":"https:\/\/api.w.org\/{rel}","templated":true}]}}